{"id":394,"date":"2024-09-20T09:37:00","date_gmt":"2024-09-20T01:37:00","guid":{"rendered":"http:\/\/mate-solar.com\/?p=394"},"modified":"2025-01-20T10:48:14","modified_gmt":"2025-01-20T02:48:14","slug":"le-the-de-lapres-midi-de-lequipe-solaire-mate-a-ete-organise-avec-succes","status":"publish","type":"post","link":"https:\/\/www.mate-solar.com\/fr\/mate-solar-team-afternoon-tea-party-was-successfully-held\/","title":{"rendered":"Le th\u00e9 de l'apr\u00e8s-midi de l'\u00e9quipe de Mate Solar a \u00e9t\u00e9 organis\u00e9 avec succ\u00e8s"},"content":{"rendered":"<p class=\"has-black-color has-white-background-color has-text-color has-background has-link-color wp-elements-b94e4fcca9fb6c48a4fe90e52ec2239b\">Le 20 septembre 2024, l'\u00e9quipe de Mate Solar a organis\u00e9 un go\u00fbter unique par un apr\u00e8s-midi ensoleill\u00e9. Cet \u00e9v\u00e9nement vise \u00e0 renforcer la communication interne au sein de l'\u00e9quipe, \u00e0 partager les tendances de pointe de l'industrie et \u00e0 discuter conjointement du d\u00e9veloppement futur de l'industrie du stockage de l'\u00e9nergie photovolta\u00efque.<\/p>\n\n\n\n<p class=\"has-black-color has-white-background-color has-text-color has-background has-link-color wp-elements-eb9d8a16f06499591d096bc838a0485a\">L'\u00e9v\u00e9nement s'est d\u00e9roul\u00e9 dans la salle de conf\u00e9rence spacieuse et lumineuse de l'entreprise, avec une vari\u00e9t\u00e9 de rafra\u00eechissements exquis et de fruits frais sur la table, cr\u00e9ant une atmosph\u00e8re d\u00e9tendue et agr\u00e9able. Les membres de l'\u00e9quipe \u00e9taient assis ensemble, le sourire aux l\u00e8vres, et l'atmosph\u00e8re \u00e9tait chaleureuse.<\/p>\n\n\n<div class=\"wp-block-image\">\n<figure class=\"aligncenter size-large\"><img decoding=\"async\" width=\"1024\" height=\"384\" src=\"http:\/\/mate-solar.com\/wp-content\/uploads\/2024\/09\/Tea-party-in-the-meeting-room-1024x384.webp\" alt=\"\" class=\"wp-image-396\" srcset=\"https:\/\/www.mate-solar.com\/wp-content\/uploads\/2024\/09\/Tea-party-in-the-meeting-room-1024x384.webp 1024w, https:\/\/www.mate-solar.com\/wp-content\/uploads\/2024\/09\/Tea-party-in-the-meeting-room-300x113.webp 300w, https:\/\/www.mate-solar.com\/wp-content\/uploads\/2024\/09\/Tea-party-in-the-meeting-room-768x288.webp 768w, https:\/\/www.mate-solar.com\/wp-content\/uploads\/2024\/09\/Tea-party-in-the-meeting-room.webp 1200w\" sizes=\"(max-width: 1024px) 100vw, 1024px\" \/><\/figure>\n<\/div>\n\n\n<p class=\"has-black-color has-white-background-color has-text-color has-background has-link-color wp-elements-d5ef3840dde6456da162ecf7e390b02f\">Au d\u00e9but du go\u00fbter, M. Qu, le chef de l'\u00e9quipe de Mate Solar, a d'abord prononc\u00e9 un discours. Il a remerci\u00e9 chaque membre de l'\u00e9quipe pour son travail acharn\u00e9 et ses efforts inlassables, et a soulign\u00e9 l'importance de la coh\u00e9sion de l'\u00e9quipe et de l'esprit d'innovation pour le d\u00e9veloppement de l'entreprise. Il a ensuite pr\u00e9sent\u00e9 les derniers d\u00e9veloppements dans l'industrie du stockage de l'\u00e9nergie photovolta\u00efque et le plan de d\u00e9veloppement futur de l'entreprise, suscitant l'enthousiasme et les attentes de chacun pour le travail \u00e0 venir.<\/p>\n\n\n<div class=\"wp-block-image\">\n<figure class=\"aligncenter size-large\"><img decoding=\"async\" width=\"1024\" height=\"384\" src=\"http:\/\/mate-solar.com\/wp-content\/uploads\/2024\/09\/Laughter-in-the-meeting-room-1024x384.webp\" alt=\"\" class=\"wp-image-397\" srcset=\"https:\/\/www.mate-solar.com\/wp-content\/uploads\/2024\/09\/Laughter-in-the-meeting-room-1024x384.webp 1024w, https:\/\/www.mate-solar.com\/wp-content\/uploads\/2024\/09\/Laughter-in-the-meeting-room-300x113.webp 300w, https:\/\/www.mate-solar.com\/wp-content\/uploads\/2024\/09\/Laughter-in-the-meeting-room-768x288.webp 768w, https:\/\/www.mate-solar.com\/wp-content\/uploads\/2024\/09\/Laughter-in-the-meeting-room.webp 1200w\" sizes=\"(max-width: 1024px) 100vw, 1024px\" \/><\/figure>\n<\/div>\n\n\n<p class=\"has-black-color has-white-background-color has-text-color has-background has-link-color wp-elements-c22246e79f0c34c84fb0348c114099b0\">Ensuite, les membres de l'\u00e9quipe ont pris la parole les uns apr\u00e8s les autres pour partager leurs exp\u00e9riences et leurs points de vue sur le travail. Certains membres ont pr\u00e9sent\u00e9 leurs derni\u00e8res connaissances en mati\u00e8re de technologie de stockage de l'\u00e9nergie photovolta\u00efque, tandis que d'autres ont fait part de leur pr\u00e9cieuse exp\u00e9rience en mati\u00e8re de communication et de coop\u00e9ration avec les clients. Tous ont \u00e9galement men\u00e9 des discussions approfondies sur les d\u00e9fis et les opportunit\u00e9s auxquels l'industrie actuelle est confront\u00e9e et ont formul\u00e9 de nombreuses opinions et suggestions pr\u00e9cieuses.<\/p>\n\n\n\n<p class=\"has-black-color has-white-background-color has-text-color has-background has-link-color wp-elements-c7d544c8d2e27f147c4979d11d22b514\">Lors de la session interactive de la r\u00e9union, les membres de l'\u00e9quipe ont particip\u00e9 activement et ont approfondi leur compr\u00e9hension et leur confiance mutuelle par le biais de questions et de r\u00e9ponses, de discussions et d'autres formes. Tout le monde a d\u00e9clar\u00e9 que cette forme d'activit\u00e9 d'\u00e9change \u00e9tait tr\u00e8s utile, qu'elle renfor\u00e7ait non seulement la coh\u00e9sion de l'\u00e9quipe, mais qu'elle \u00e9largissait \u00e9galement les horizons et stimulait la pens\u00e9e innovante.<\/p>\n\n\n<div class=\"wp-block-image\">\n<figure class=\"aligncenter size-large\"><img decoding=\"async\" width=\"1024\" height=\"384\" src=\"http:\/\/mate-solar.com\/wp-content\/uploads\/2024\/09\/Highlight-moments-in-the-conference-room-1024x384.webp\" alt=\"\" class=\"wp-image-399\" srcset=\"https:\/\/www.mate-solar.com\/wp-content\/uploads\/2024\/09\/Highlight-moments-in-the-conference-room-1024x384.webp 1024w, https:\/\/www.mate-solar.com\/wp-content\/uploads\/2024\/09\/Highlight-moments-in-the-conference-room-300x113.webp 300w, https:\/\/www.mate-solar.com\/wp-content\/uploads\/2024\/09\/Highlight-moments-in-the-conference-room-768x288.webp 768w, https:\/\/www.mate-solar.com\/wp-content\/uploads\/2024\/09\/Highlight-moments-in-the-conference-room.webp 1200w\" sizes=\"(max-width: 1024px) 100vw, 1024px\" \/><\/figure>\n<\/div>\n\n\n<p class=\"has-black-color has-white-background-color has-text-color has-background has-link-color wp-elements-2601a61d3e3ddc579746d0db13b40ac0\">\u00c0 la fin de l'\u00e9v\u00e9nement, M. Qu, chef de l'\u00e9quipe de Mate Solar, a fait l'\u00e9loge de la participation active et de la contribution de chacun, et a encourag\u00e9 tout le monde \u00e0 continuer \u00e0 faire progresser l'esprit d'unit\u00e9, de coop\u00e9ration et d'innovation, et \u00e0 promouvoir conjointement le d\u00e9veloppement de l'activit\u00e9 de stockage d'\u00e9nergie photovolta\u00efque de l'entreprise. Il a ajout\u00e9 que l'entreprise continuerait \u00e0 soutenir le travail d'innovation de l'\u00e9quipe, \u00e0 fournir davantage de ressources et de plates-formes \u00e0 chacun, et \u00e0 aider tout le monde \u00e0 atteindre une situation gagnant-gagnant en termes de valeur personnelle et de d\u00e9veloppement de l'entreprise.<\/p>\n\n\n\n<p class=\"has-black-color has-white-background-color has-text-color has-background has-link-color wp-elements-49ae02d606bc33c9a403867c4ef184ed\">L'organisation r\u00e9ussie du go\u00fbter de l'\u00e9quipe de Mate Solar a non seulement renforc\u00e9 la coh\u00e9sion et la force centrip\u00e8te au sein de l'\u00e9quipe, mais a \u00e9galement insuffl\u00e9 une nouvelle vitalit\u00e9 et une nouvelle motivation dans le d\u00e9veloppement de l'activit\u00e9 de stockage d'\u00e9nergie photovolta\u00efque de l'entreprise. Je suis convaincu que dans les jours \u00e0 venir, l'\u00e9quipe de Mate Solar continuera \u00e0 d\u00e9fendre les concepts d'innovation, de collaboration et de gagnant-gagnant, \u00e0 promouvoir continuellement l'avancement et l'application de la technologie de stockage de l'\u00e9nergie photovolta\u00efque et \u00e0 contribuer \u00e0 la construction d'un avenir \u00e9nerg\u00e9tique vert, durable et \u00e0 faible \u00e9mission de carbone.<\/p>","protected":false},"excerpt":{"rendered":"<p>On September 20, 2024, the Mate Solar team held a unique afternoon tea party on a sunny afternoon. The event aims to strengthen internal communication within the team, share cutting-edge industry trends, and jointly discuss the future development of the photovoltaic energy storage industry. The event was held in the company's spacious and bright conference [&hellip;]<\/p>\n","protected":false},"author":1,"featured_media":401,"comment_status":"open","ping_status":"open","sticky":false,"template":"","format":"standard","meta":{"_monsterinsights_skip_tracking":false,"_monsterinsights_sitenote_active":false,"_monsterinsights_sitenote_note":"","_monsterinsights_sitenote_category":0,"footnotes":""},"categories":[3],"tags":[],"class_list":["post-394","post","type-post","status-publish","format-standard","has-post-thumbnail","hentry","category-news"],"_links":{"self":[{"href":"https:\/\/www.mate-solar.com\/fr\/wp-json\/wp\/v2\/posts\/394","targetHints":{"allow":["GET"]}}],"collection":[{"href":"https:\/\/www.mate-solar.com\/fr\/wp-json\/wp\/v2\/posts"}],"about":[{"href":"https:\/\/www.mate-solar.com\/fr\/wp-json\/wp\/v2\/types\/post"}],"author":[{"embeddable":true,"href":"https:\/\/www.mate-solar.com\/fr\/wp-json\/wp\/v2\/users\/1"}],"replies":[{"embeddable":true,"href":"https:\/\/www.mate-solar.com\/fr\/wp-json\/wp\/v2\/comments?post=394"}],"version-history":[{"count":2,"href":"https:\/\/www.mate-solar.com\/fr\/wp-json\/wp\/v2\/posts\/394\/revisions"}],"predecessor-version":[{"id":400,"href":"https:\/\/www.mate-solar.com\/fr\/wp-json\/wp\/v2\/posts\/394\/revisions\/400"}],"wp:featuredmedia":[{"embeddable":true,"href":"https:\/\/www.mate-solar.com\/fr\/wp-json\/wp\/v2\/media\/401"}],"wp:attachment":[{"href":"https:\/\/www.mate-solar.com\/fr\/wp-json\/wp\/v2\/media?parent=394"}],"wp:term":[{"taxonomy":"category","embeddable":true,"href":"https:\/\/www.mate-solar.com\/fr\/wp-json\/wp\/v2\/categories?post=394"},{"taxonomy":"post_tag","embeddable":true,"href":"https:\/\/www.mate-solar.com\/fr\/wp-json\/wp\/v2\/tags?post=394"}],"curies":[{"name":"wp","href":"https:\/\/api.w.org\/{rel}","templated":true}]}}