{"id":3228,"date":"2026-03-11T08:30:00","date_gmt":"2026-03-11T00:30:00","guid":{"rendered":"https:\/\/www.mate-solar.com\/?p=3228"},"modified":"2026-03-16T16:45:26","modified_gmt":"2026-03-16T08:45:26","slug":"cuenta-atras-hasta-2029-por-que-honduras-debe-liderar-ya-su-propia-transicion-hacia-la-energia-verde","status":"publish","type":"post","link":"https:\/\/www.mate-solar.com\/es\/countdown-to-2029-why-honduras-must-lead-its-own-green-energy-transition-now\/","title":{"rendered":"Cuenta atr\u00e1s hasta 2029: por qu\u00e9 Honduras debe liderar ya su propia transici\u00f3n hacia la energ\u00eda verde"},"content":{"rendered":"<p class=\"has-black-color has-white-background-color has-text-color has-background has-link-color wp-elements-18bc78fc6f4e68213880307499cd044a\"><\/p>\n\n\n<div class=\"wp-block-image\">\n<figure class=\"aligncenter size-large\"><img decoding=\"async\" width=\"1024\" height=\"576\" src=\"http:\/\/www.mate-solar.com\/wp-content\/uploads\/2026\/03\/Distributed-Solar-and-Storage-Key-to-Honduras-Rural-Electrification-and-Energy-Access-by-2029-1024x576.webp\" alt=\"\" class=\"wp-image-3229\" srcset=\"https:\/\/www.mate-solar.com\/wp-content\/uploads\/2026\/03\/Distributed-Solar-and-Storage-Key-to-Honduras-Rural-Electrification-and-Energy-Access-by-2029-1024x576.webp 1024w, https:\/\/www.mate-solar.com\/wp-content\/uploads\/2026\/03\/Distributed-Solar-and-Storage-Key-to-Honduras-Rural-Electrification-and-Energy-Access-by-2029-300x169.webp 300w, https:\/\/www.mate-solar.com\/wp-content\/uploads\/2026\/03\/Distributed-Solar-and-Storage-Key-to-Honduras-Rural-Electrification-and-Energy-Access-by-2029-768x432.webp 768w, https:\/\/www.mate-solar.com\/wp-content\/uploads\/2026\/03\/Distributed-Solar-and-Storage-Key-to-Honduras-Rural-Electrification-and-Energy-Access-by-2029-18x10.webp 18w, https:\/\/www.mate-solar.com\/wp-content\/uploads\/2026\/03\/Distributed-Solar-and-Storage-Key-to-Honduras-Rural-Electrification-and-Energy-Access-by-2029.webp 1200w\" sizes=\"(max-width: 1024px) 100vw, 1024px\" \/><\/figure>\n<\/div>\n\n\n<p class=\"has-text-align-left has-black-color has-white-background-color has-text-color has-background has-link-color wp-elements-585df3f826cc20d6b041b3b19685d99d\"><strong>Por la Direcci\u00f3n T\u00e9cnica de MateSolar | Publicado: 11 de marzo de 2026<\/strong><\/p>\n\n\n\n<p class=\"has-text-align-left has-black-color has-white-background-color has-text-color has-background has-link-color wp-elements-5f4c27256354dab755a97bb1b9d58fec\">Tegucigalpa, San Pedro Sula, Puerto Cort\u00e9s - Para los operadores industriales de Honduras, la realidad matem\u00e1tica de la transici\u00f3n energ\u00e9tica del pa\u00eds ha pasado de ser una discusi\u00f3n acad\u00e9mica a una crisis de gesti\u00f3n de riesgos a nivel de junta directiva. Seg\u00fan el \u00faltimo Plan Indicativo de Expansi\u00f3n de la Generaci\u00f3n (PIEG) 2026-2035 publicado por el Centro Nacional de Despacho (CND), el sistema el\u00e9ctrico hondure\u00f1o se enfrenta al retiro de 1.343 MW de capacidad t\u00e9rmica, con los retiros m\u00e1s severos programados para 2029 y 2030, que implican 886,06 MW y 276,52 MW respectivamente.<\/p>\n\n\n\n<p class=\"has-text-align-left has-black-color has-white-background-color has-text-color has-background has-link-color wp-elements-701f51bafed622bee9e11a5300565f20\">Para las f\u00e1bricas textiles que funcionan las 24 horas del d\u00eda en el corredor industrial de San Pedro Sola, las plantas de procesamiento de alimentos que requieren cadenas de fr\u00edo ininterrumpidas en La Ceiba y las operaciones mineras en las monta\u00f1as occidentales que dependen de maquinaria de alta corriente, esto plantea una cuesti\u00f3n existencial: \u00bfQu\u00e9 funcionar\u00e1 cuando se detengan las plantas de b\u00fanker?<\/p>\n\n\n\n<p class=\"has-text-align-left has-black-color has-white-background-color has-text-color has-background has-link-color wp-elements-5dc3939efcc2c5cbef8b15886be670f3\">La Empresa Nacional de Energ\u00eda El\u00e9ctrica (ENEE) navega por lo que su director interino, Eduardo Oviedo, describi\u00f3 recientemente como una realidad operativa \u201cen bancarrota\u201d, con p\u00e9rdidas agregadas cercanas al 38% debido a una combinaci\u00f3n de ineficiencias t\u00e9cnicas y p\u00e9rdidas no t\u00e9cnicas. Aunque el Gobierno ha lanzado una importante licitaci\u00f3n de 1,5 GW de capacidad que requiere una integraci\u00f3n del 65% de las energ\u00edas renovables junto con el almacenamiento, el calendario de puesta en servicio -800 MW a principios de 2028, 300 MW en 2029 y 400 MW en 2030- revela un peligroso desfase. Las centrales t\u00e9rmicas se retiran&nbsp;<em>antes de<\/em>&nbsp;la mayor parte de la nueva capacidad firme est\u00e1 garantizada para estar en l\u00ednea.<\/p>\n\n\n\n<p class=\"has-text-align-left has-black-color has-white-background-color has-text-color has-background has-link-color wp-elements-373338a8c7ac6756040137f2a5010dac\">Este art\u00edculo sirve de gu\u00eda t\u00e9cnica y plan de inversi\u00f3n para los consumidores industriales que no pueden permitirse esperar a que la red nacional resuelva su transici\u00f3n. Abordamos los tres principales puntos d\u00e9biles de la adopci\u00f3n de BESS industriales en el contexto hondure\u00f1o: sustituir la generaci\u00f3n t\u00e9rmica de carga base por arquitecturas h\u00edbridas de almacenamiento, garantizar un rendimiento a largo plazo independiente de la volatilidad financiera de la ENEE y crear capacidad en fases que coincidan tanto con la expansi\u00f3n de la producci\u00f3n como con el calendario real de retirada de los activos heredados.<\/p>\n\n\n\n<hr class=\"wp-block-separator aligncenter has-text-color has-black-color has-alpha-channel-opacity has-black-background-color has-background\"\/>\n\n\n\n<p class=\"has-text-align-left has-black-color has-white-background-color has-text-color has-background has-link-color has-medium-font-size wp-elements-b7934d628d3dfc60dbb66f9cdb79148c\"><strong>1. La realidad despachable: BESS como sustituto directo de la carga t\u00e9rmica b\u00e1sica<\/strong><\/p>\n\n\n\n<p class=\"has-text-align-left has-black-color has-white-background-color has-text-color has-background has-link-color wp-elements-026620b964d1a0107462094c2730941b\">El concepto err\u00f3neo m\u00e1s persistente en el sector industrial hondure\u00f1o es que los sistemas de almacenamiento de energ\u00eda en bater\u00edas (BESS) son meros dispositivos de \"reserva\", aptos para cortes de 30 minutos pero incapaces de sostener una producci\u00f3n continua. Esta percepci\u00f3n, arraigada en los sistemas SAI de plomo-\u00e1cido de primera generaci\u00f3n, no s\u00f3lo es obsoleta, sino peligrosa a efectos de planificaci\u00f3n.<\/p>\n\n\n\n<p class=\"has-text-align-left has-black-color has-white-background-color has-text-color has-background has-link-color wp-elements-dc3dfc5636e6c90d0b3ad6ba70505952\">Los BESS industriales modernos, en particular los que utilizan la qu\u00edmica del fosfato de litio e hierro (LFP) con sistemas avanzados de gesti\u00f3n de la energ\u00eda (EMS), son totalmente capaces de actuar como&nbsp;<strong>activos primarios de formaci\u00f3n de redes<\/strong>. Cuando se combinan con la generaci\u00f3n solar fotovoltaica in situ, forman una microrred h\u00edbrida que puede desplazar a las centrales de fuel pesado tipo ELCOSA de 80 MW de las que han dependido hist\u00f3ricamente los pol\u00edgonos industriales.<\/p>\n\n\n\n<p class=\"has-text-align-left has-black-color has-white-background-color has-text-color has-background has-link-color wp-elements-1ab9852eb608a9403c43dec58824f6c5\"><strong>1.1 El imperativo de la formaci\u00f3n de redes<\/strong><\/p>\n\n\n\n<p class=\"has-text-align-left has-black-color has-white-background-color has-text-color has-background has-link-color wp-elements-f64e77e8a99398a04f803ed5f631d227\">Para entender c\u00f3mo los BESS sustituyen a un generador t\u00e9rmico, hay que entender el concepto de inversores \"formadores de red\" frente a inversores \"seguidores de red\". Las instalaciones solares fotovoltaicas tradicionales siguen la red: si la red se cae, se apagan. Requieren una referencia estable de tensi\u00f3n y frecuencia de la compa\u00f1\u00eda el\u00e9ctrica.<\/p>\n\n\n\n<p class=\"has-text-align-left has-black-color has-white-background-color has-text-color has-background has-link-color wp-elements-db29ebc499d30861526624abd922c7bd\">Sin embargo, los BESS a escala industrial desplegados hoy en d\u00eda pueden funcionar en modo de formaci\u00f3n de red. Mediante el uso de inversores avanzados de carburo de silicio (SiC) y lazos de control de reacci\u00f3n r\u00e1pida, la bater\u00eda act\u00faa como fuente de tensi\u00f3n para toda la instalaci\u00f3n. Puede sincronizarse con los grupos electr\u00f3genos di\u00e9sel existentes para un funcionamiento h\u00edbrido o aislar completamente la instalaci\u00f3n.<\/p>\n\n\n\n<p class=\"has-text-align-left has-black-color has-white-background-color has-text-color has-background has-link-color wp-elements-19e9584e87b85091e17a36e8b8acb705\">La validaci\u00f3n acad\u00e9mica de este enfoque en el contexto hondure\u00f1o es s\u00f3lida. Un estudio reciente de 2025 de la Universidad Nacional Aut\u00f3noma de Honduras (UNAH) model\u00f3 el Sistema Nacional Interconectado (SNI) funcionando en modo isla bajo contingencias graves. El estudio descubri\u00f3 que con la integraci\u00f3n de un BESS de 75 MW (similar a la escala que se est\u00e1 adquiriendo para la subestaci\u00f3n Amarateca), la estabilidad de la frecuencia mejoraba dr\u00e1sticamente, pasando de un peligroso nadir de 55,3 Hz durante una p\u00e9rdida de 200 MW a un valor estable de 58,74 Hz, lo que evitaba la activaci\u00f3n del deslastre de carga por subfrecuencia (UFLS).<\/p>\n\n\n\n<p class=\"has-text-align-left has-black-color has-white-background-color has-text-color has-background has-link-color wp-elements-5c8bc8445043b30079a766bcf95dc5b4\">Para una instalaci\u00f3n industrial, estos datos se traducen en una simple realidad: Un BESS del tama\u00f1o adecuado no s\u00f3lo mantiene las luces encendidas; mantiene los motores en marcha, los compresores refriger\u00e1ndose y los telares tejiendo a pesar de las perturbaciones de la red que, de otro modo, provocar\u00edan costosas paradas de producci\u00f3n.<\/p>\n\n\n\n<p class=\"has-text-align-left has-black-color has-white-background-color has-text-color has-background has-link-color wp-elements-36a82fef7604ad988ea00d2ed49190c5\"><strong>1.2 FV + BESS + Diesel existente: La arquitectura de microrred h\u00edbrida<\/strong><\/p>\n\n\n\n<p class=\"has-text-align-left has-black-color has-white-background-color has-text-color has-background has-link-color wp-elements-e888082e41077047e6a56ed71301909b\">Para la mayor\u00eda de los clientes industriales, la sustituci\u00f3n completa de un d\u00eda para otro de los activos de gas\u00f3leo o fuel\u00f3leo pesado es econ\u00f3micamente inviable. En su lugar, la arquitectura \u00f3ptima pasa por la hibridaci\u00f3n.<\/p>\n\n\n\n<p class=\"has-text-align-left has-black-color has-white-background-color has-text-color has-background has-link-color wp-elements-fee8fbf0d1cc75be5d108e4afcc5a9c8\">Los controladores h\u00edbridos modernos permiten a las instalaciones tratar sus grupos electr\u00f3genos di\u00e9sel como \"p\u00f3lizas de seguro\" en lugar de como fuentes de energ\u00eda primaria. En una configuraci\u00f3n t\u00edpica, el conjunto solar fotovoltaico genera energ\u00eda durante las horas diurnas, y el exceso de producci\u00f3n carga el BESS. Cuando el sol se pone o la nubosidad reduce la producci\u00f3n fotovoltaica, el BESS distribuye la energ\u00eda almacenada sin problemas. S\u00f3lo en caso de nubosidad durante varios d\u00edas o de una contingencia que supere la duraci\u00f3n del BESS, los grupos electr\u00f3genos di\u00e9sel se sincronizan y arrancan autom\u00e1ticamente.<\/p>\n\n\n\n<p class=\"has-text-align-left has-black-color has-white-background-color has-text-color has-background has-link-color wp-elements-f7f6bdbd523c266f7841fdaed3ca56af\">Este modo de funcionamiento ampl\u00eda los intervalos de mantenimiento de los grupos electr\u00f3genos di\u00e9sel de cientos de horas a miles, lo que reduce dr\u00e1sticamente el coste del combustible no quemado y las emisiones. Para una instalaci\u00f3n textil que funcione 24 horas al d\u00eda, 7 d\u00edas a la semana, el ahorro de combustible por s\u00ed solo puede lograr periodos de amortizaci\u00f3n de menos de cinco a\u00f1os cuando se sustituye el combustible b\u00fanker con un precio de paridad internacional.<\/p>\n\n\n\n<p class=\"has-text-align-left has-black-color has-white-background-color has-text-color has-background has-link-color wp-elements-ecd0ba751e40be30b3fc2b77b1da1905\">Para facilitar esta transici\u00f3n a los consumidores industriales de tama\u00f1o medio que requieren un despliegue r\u00e1pido, MateSolar ofrece soluciones predise\u00f1adas que se integran con la aparamenta existente. El sitio&nbsp;<strong>Sistema solar h\u00edbrido comercial de 250 kW<\/strong>&nbsp;est\u00e1 dise\u00f1ado espec\u00edficamente para instalaciones que est\u00e1n pasando de una g\u00e9nesis di\u00e9sel peque\u00f1a a mediana, proporcionando una hibridaci\u00f3n plug-and-play sin necesidad de grandes obras civiles.<\/p>\n\n\n\n<figure class=\"wp-block-embed is-type-wp-embed is-provider-matesolar wp-block-embed-matesolar\"><div class=\"wp-block-embed__wrapper\">\n<blockquote class=\"wp-embedded-content\" data-secret=\"VikTRkW3bm\"><a href=\"https:\/\/www.mate-solar.com\/es\/venta-caliente-comercial-250kw-hibrido-sistema-solar-para-el-costo-justo\/\">Venta caliente comercial 250KW h\u00edbrido sistema solar para el costo justo<\/a><\/blockquote><iframe class=\"wp-embedded-content\" sandbox=\"allow-scripts\" security=\"restricted\" style=\"position: absolute; visibility: hidden;\" title=\"\u300a Venta caliente comercial 250KW sistema solar h\u00edbrido para el coste justo \u300b-MateSolar\" src=\"https:\/\/www.mate-solar.com\/hot-sale-commercial-250kw-hybrid-solar-system-for-fair-cost\/embed\/#?secret=IRRstikjl6#?secret=VikTRkW3bm\" data-secret=\"VikTRkW3bm\" width=\"500\" height=\"282\" frameborder=\"0\" marginwidth=\"0\" marginheight=\"0\" scrolling=\"no\"><\/iframe>\n<\/div><\/figure>\n\n\n\n<p class=\"has-text-align-left has-black-color has-white-background-color has-text-color has-background has-link-color wp-elements-97ec60df1d50e67c5877298b958b2827\">Para operaciones que exigen una mayor densidad, el\u00a0<strong>Contenedor refrigerado por aire de 40 pies ESS (<strong>1MWh<\/strong>\/2MWh)<\/strong>\u00a0proporciona un bloque de construcci\u00f3n estandarizado y probado en f\u00e1brica para la formaci\u00f3n de microrredes.<\/p>\n\n\n\n<figure class=\"wp-block-embed is-type-wp-embed is-provider-matesolar wp-block-embed-matesolar\"><div class=\"wp-block-embed__wrapper\">\n<blockquote class=\"wp-embedded-content\" data-secret=\"XDEYFDlFmQ\"><a href=\"https:\/\/www.mate-solar.com\/es\/40ft-contenedor-refrigerado-por-aire-ess-1mwh-2mwh-sistema-de-almacenamiento-de-energia-para-la-venta\/\">40Ft contenedor refrigerado por aire ESS 1MWh 2MWh sistema de almacenamiento de energ\u00eda para la venta<\/a><\/blockquote><iframe class=\"wp-embedded-content\" sandbox=\"allow-scripts\" security=\"restricted\" style=\"position: absolute; visibility: hidden;\" title=\"\u300a 40Ft Refrigerado por Aire ESS 1MWh 2MWh Sistema de Almacenamiento de Energ\u00eda para la Venta \u300b-MateSolar\" src=\"https:\/\/www.mate-solar.com\/40ft-air-cooled-container-ess-1mwh-2mwh-energy-storage-system-for-sale\/embed\/#?secret=8ScC9wVxJK#?secret=XDEYFDlFmQ\" data-secret=\"XDEYFDlFmQ\" width=\"500\" height=\"282\" frameborder=\"0\" marginwidth=\"0\" marginheight=\"0\" scrolling=\"no\"><\/iframe>\n<\/div><\/figure>\n\n\n\n<hr class=\"wp-block-separator aligncenter has-text-color has-black-color has-alpha-channel-opacity has-black-background-color has-background\"\/>\n\n\n\n<p class=\"has-text-align-left has-black-color has-white-background-color has-text-color has-background has-link-color has-medium-font-size wp-elements-27e29065184dde6d3c336872fcd8a772\"><strong>2. El factor ENEE: Por qu\u00e9 el autoconsumo triunfa sobre la dependencia de la red<\/strong><\/p>\n\n\n\n<p class=\"has-text-align-left has-black-color has-white-background-color has-text-color has-background has-link-color wp-elements-958aa0a2b648b71e05d5f928d3a7b989\">La inestabilidad financiera de la empresa nacional de electricidad no es un secreto ni un hecho reciente. Sin embargo, sus implicaciones para los compradores industriales de energ\u00eda han cambiado. En febrero de 2026, la direcci\u00f3n interina de la ENEE reiter\u00f3 p\u00fablicamente que, si bien el Estado puede mantener el flujo de caja operativo para la generaci\u00f3n, no puede cumplir con sus obligaciones de pago a los generadores privados ni conseguir nueva financiaci\u00f3n en las condiciones actuales.<\/p>\n\n\n\n<p class=\"has-text-align-left has-black-color has-white-background-color has-text-color has-background has-link-color wp-elements-0ca7a439b35564c7ebe7ffa105b49906\">Para un consumidor industrial que se plantee una instalaci\u00f3n privada de BESS, esto plantea una cuesti\u00f3n estrat\u00e9gica: \u00bfPor qu\u00e9 invertir en almacenamiento in situ si sigo atado a una red financieramente inestable para mi suministro primario?<\/p>\n\n\n\n<p class=\"has-text-align-left has-black-color has-white-background-color has-text-color has-background has-link-color wp-elements-90020e53d4e9ba9b416c6c8603525476\">La respuesta est\u00e1 en la distinci\u00f3n entre operaciones interactivas y dependientes de la red.<\/p>\n\n\n\n<p class=\"has-text-align-left has-black-color has-white-background-color has-text-color has-background has-link-color wp-elements-68b622c7698870406cff6bc39904f15f\"><strong>2.1 La zona de seguridad del \"autoconsumo<\/strong><\/p>\n\n\n\n<p class=\"has-text-align-left has-black-color has-white-background-color has-text-color has-background has-link-color wp-elements-fd087406070c285e0366b5fedf778963\">Las instalaciones industriales que instalan sistemas de energ\u00eda solar m\u00e1s almacenamiento detr\u00e1s del contador (BTM) y funcionan principalmente en modo de autoconsumo desvinculan eficazmente su gasto operativo de la salud financiera de la ENEE. Se abastecen de la red s\u00f3lo cuando est\u00e1 disponible y a un precio ventajoso, pero no dependen de ella para la continuidad cr\u00edtica de la producci\u00f3n.<\/p>\n\n\n\n<p class=\"has-text-align-left has-black-color has-white-background-color has-text-color has-background has-link-color wp-elements-e669867238cfec8401e345a7d33f1bf5\">Este modelo resulta especialmente atractivo dados los resultados de la licitaci\u00f3n internacional de 1,5 GW actualmente en curso. Aunque la licitaci\u00f3n incluye un mecanismo financiero para garantizar los pagos atrasados a los generadores -una medida destinada a restablecer la confianza de los inversores-, a\u00fan no se ha puesto a prueba. Los directores financieros industriales no pueden apostar sus objetivos de producci\u00f3n para 2029 a un mecanismo de garant\u00eda de pagos que a\u00fan no ha superado su primer ciclo de impagos.<\/p>\n\n\n\n<p class=\"has-text-align-left has-black-color has-white-background-color has-text-color has-background has-link-color wp-elements-3b945fd975bd87f17840cdb123fa3e91\">Adem\u00e1s, el propio plan de ampliaci\u00f3n reconoce que la fiabilidad futura depender\u00e1 en gran medida de los sistemas h\u00edbridos. El an\u00e1lisis del PIEG afirma expl\u00edcitamente que \"la generaci\u00f3n renovable contribuye de forma significativa a la potencia firme del sistema... principalmente a partir de sistemas h\u00edbridos, integrados por generaci\u00f3n solar fotovoltaica y sistemas de almacenamiento en bater\u00edas\". La red nacional apuesta por los h\u00edbridos. Los consumidores industriales deber\u00edan simplemente poseer su parte de esa infraestructura h\u00edbrida.<\/p>\n\n\n\n<p class=\"has-text-align-left has-black-color has-white-background-color has-text-color has-background has-link-color wp-elements-fcf43fe6a7a7d70840a78d5749d66780\"><strong>2.2 El requisito de 15 a\u00f1os de garant\u00eda de buen fin<\/strong><\/p>\n\n\n\n<p class=\"has-text-align-left has-black-color has-white-background-color has-text-color has-background has-link-color wp-elements-0dd29d14ec40fc8c4b67f14a88d3dd74\">Cuando se adquiere un BESS industrial, la diferencia entre una \"garant\u00eda\" y una \"garant\u00eda de rendimiento\" es fundamental, especialmente en un mercado como Honduras, donde las temperaturas ambiente en zonas industriales costeras como Puerto Cort\u00e9s pueden acelerar la degradaci\u00f3n de la bater\u00eda si la gesti\u00f3n t\u00e9rmica es inadecuada.<\/p>\n\n\n\n<p class=\"has-text-align-left has-black-color has-white-background-color has-text-color has-background has-link-color wp-elements-7429bc5d276ce5c69ac8ee1edba7bc78\">MateSolar aborda esta cuesti\u00f3n mediante garant\u00edas de mantenimiento de la capacidad vinculadas al rendimiento y a la vida \u00fatil, no s\u00f3lo a la cobertura de defectos. Para los clientes industriales que se enfrentan al precipicio de la jubilaci\u00f3n t\u00e9rmica en 2029, el sistema instalado en 2026 debe conservar al menos el 80% de su capacidad utilizable inicial en 2041.<\/p>\n\n\n\n<p class=\"has-text-align-left has-black-color has-white-background-color has-text-color has-background has-link-color wp-elements-88699b4ad9b88b8f5edbb74dbdf107f9\"><em>Cuadro 1: Comparaci\u00f3n de las estructuras de garant\u00eda de los BESS industriales<\/em><\/p>\n\n\n\n<figure class=\"wp-block-table\"><table class=\"has-black-color has-white-background-color has-text-color has-background has-link-color\"><tbody><tr><td class=\"has-text-align-left\" data-align=\"left\"><strong>Componente de garant\u00eda<\/strong><\/td><td class=\"has-text-align-left\" data-align=\"left\"><strong>Oferta est\u00e1ndar para proveedores<\/strong><\/td><td class=\"has-text-align-left\" data-align=\"left\"><strong>Garant\u00eda industrial MateSolar<\/strong><\/td><td class=\"has-text-align-left\" data-align=\"left\"><strong>Por qu\u00e9 es importante en Honduras<\/strong><\/td><\/tr><tr><td class=\"has-text-align-left\" data-align=\"left\"><strong>Rendimiento Cobertura<\/strong><\/td><td class=\"has-text-align-left\" data-align=\"left\">1 ciclo al d\u00eda \/ 3.650 ciclos<\/td><td class=\"has-text-align-left\" data-align=\"left\">2 ciclos al d\u00eda \/ 7.300 ciclos<\/td><td class=\"has-text-align-left\" data-align=\"left\">Las frecuentes fluctuaciones de la red y los cambios diarios de la fotovoltaica requieren un mayor n\u00famero de ciclos.<\/td><\/tr><tr><td class=\"has-text-align-left\" data-align=\"left\"><strong>Cobertura del calendario<\/strong><\/td><td class=\"has-text-align-left\" data-align=\"left\">10 a\u00f1os<\/td><td class=\"has-text-align-left\" data-align=\"left\">15 a\u00f1os<\/td><td class=\"has-text-align-left\" data-align=\"left\">Se ajusta al horizonte de jubilaci\u00f3n t\u00e9rmica posterior a 2029<\/td><\/tr><tr><td class=\"has-text-align-left\" data-align=\"left\"><strong>Temperatura<\/strong><\/td><td class=\"has-text-align-left\" data-align=\"left\">15\u00b0C - 30\u00b0C \u00f3ptimo<\/td><td class=\"has-text-align-left\" data-align=\"left\">Temperatura ambiente nominal de 45\u00b0C con refrigeraci\u00f3n l\u00edquida<\/td><td class=\"has-text-align-left\" data-align=\"left\">Las zonas industriales costeras (Puerto Cort\u00e9s) experimentan un calor elevado sostenido<\/td><\/tr><tr><td class=\"has-text-align-left\" data-align=\"left\"><strong>Capacidad de retenci\u00f3n<\/strong><\/td><td class=\"has-text-align-left\" data-align=\"left\">60% al final del trimestre<\/td><td class=\"has-text-align-left\" data-align=\"left\">80% al final del trimestre<\/td><td class=\"has-text-align-left\" data-align=\"left\">Garantiza capacidad firme para operaciones de carga b\u00e1sica en a\u00f1os posteriores<\/td><\/tr><tr><td class=\"has-text-align-left\" data-align=\"left\"><strong>Garant\u00eda de eficiencia de ida y vuelta<\/strong><\/td><td class=\"has-text-align-left\" data-align=\"left\">85% - 88%<\/td><td class=\"has-text-align-left\" data-align=\"left\">&gt;90% para la primera d\u00e9cada<\/td><td class=\"has-text-align-left\" data-align=\"left\">Impacto directo en el LCOE y el periodo de amortizaci\u00f3n<\/td><\/tr><\/tbody><\/table><\/figure>\n\n\n\n<p class=\"has-text-align-left has-black-color has-white-background-color has-text-color has-background has-link-color wp-elements-620d6f118911c2baf6e09e4766bb8648\">Para aplicaciones industriales que requieren la mayor densidad energ\u00e9tica y las menores p\u00e9rdidas auxiliares en climas tropicales, el&nbsp;<strong>Sistema de almacenamiento de energ\u00eda en contenedores de refrigeraci\u00f3n l\u00edquida de 20 pies 3MWh\/5MWh<\/strong>&nbsp;proporciona la estabilidad t\u00e9rmica necesaria para mantener estas garant\u00edas.<\/p>\n\n\n\n<figure class=\"wp-block-embed is-type-wp-embed is-provider-matesolar wp-block-embed-matesolar\"><div class=\"wp-block-embed__wrapper\">\n<blockquote class=\"wp-embedded-content\" data-secret=\"U94a9Gl9hY\"><a href=\"https:\/\/www.mate-solar.com\/es\/facil-instalacion-20ft-3mwh-5mwh-contenedor-de-refrigeracion-liquida-sistema-de-almacenamiento-de-energia\/\">Sistema de almacenamiento de energ\u00eda en contenedores de refrigeraci\u00f3n l\u00edquida de 20 pies y 3 MWh y 5 MWh de f\u00e1cil instalaci\u00f3n<\/a><\/blockquote><iframe class=\"wp-embedded-content\" sandbox=\"allow-scripts\" security=\"restricted\" style=\"position: absolute; visibility: hidden;\" title=\"\u300a Sistema de almacenamiento de energ\u00eda en contenedores de refrigeraci\u00f3n l\u00edquida de 20 pies 3MWh 5MWh de f\u00e1cil instalaci\u00f3n \u300b-MateSolar\" src=\"https:\/\/www.mate-solar.com\/easy-install-20ft-3mwh-5mwh-liquid-cooling-container-energy-storage-system\/embed\/#?secret=P9809oMc7Q#?secret=U94a9Gl9hY\" data-secret=\"U94a9Gl9hY\" width=\"500\" height=\"282\" frameborder=\"0\" marginwidth=\"0\" marginheight=\"0\" scrolling=\"no\"><\/iframe>\n<\/div><\/figure>\n\n\n\n<hr class=\"wp-block-separator aligncenter has-text-color has-black-color has-alpha-channel-opacity has-black-background-color has-background\"\/>\n\n\n\n<p class=\"has-text-align-left has-black-color has-white-background-color has-text-color has-background has-link-color has-medium-font-size wp-elements-5d615bc0f485830b5898d23c148f1062\"><strong>3. Expansi\u00f3n por fases: Alinear el gasto de capital con el calendario de jubilaciones<\/strong><\/p>\n\n\n\n<p class=\"has-text-align-left has-black-color has-white-background-color has-text-color has-background has-link-color wp-elements-31f0f29f4c05c114c15b9aee432fbe48\">Los planes de expansi\u00f3n industrial rara vez coinciden con la retirada de la generaci\u00f3n el\u00e9ctrica. Una empresa minera puede necesitar abrir una nueva veta en 2026, mientras que su principal acuerdo de compra de energ\u00eda t\u00e9rmica no expira hasta 2028. Un parque textil puede haber conseguido terrenos para su expansi\u00f3n, pero carece de la capacidad de carga necesaria para justificar hoy un BESS a gran escala.<\/p>\n\n\n\n<p class=\"has-text-align-left has-black-color has-white-background-color has-text-color has-background has-link-color wp-elements-8e9c171e8f5611ca7fcda0bdd3982d28\">La jubilaci\u00f3n de las centrales t\u00e9rmicas entre 2029 y 2030 ofrece una oportunidad \u00fanica para el despliegue gradual del almacenamiento.<\/p>\n\n\n\n<p class=\"has-text-align-left has-black-color has-white-background-color has-text-color has-background has-link-color wp-elements-328a7ab6db43a0ed41c01f4ed1822ca0\"><strong>3.1 La estrategia de \"capacidad escalonada<\/strong><\/p>\n\n\n\n<p class=\"has-text-align-left has-black-color has-white-background-color has-text-color has-background has-link-color wp-elements-91fb7e29fa914ea6e550fb3058bf2365\">En lugar de financiar la totalidad de los 10-20 MW de almacenamiento necesarios para sustituir una central t\u00e9rmica completa, los consumidores industriales pueden desplegar el almacenamiento en tramos que se ajusten tanto al crecimiento de su carga como a la reducci\u00f3n progresiva de la capacidad de la red.<\/p>\n\n\n\n<p class=\"has-text-align-left has-black-color has-white-background-color has-text-color has-background has-link-color wp-elements-bd0f2fc275163fba173b9be84b39620c\">Fase I (2026-2027): Desplegar suficiente capacidad de BESS para cubrir los procesos cr\u00edticos durante los periodos de m\u00e1xima demanda y participar en la gesti\u00f3n de la carga de la demanda. Esta fase suele cubrir el 20-30% de la carga m\u00e1xima durante 2-4 horas. Reduce inmediatamente los gastos operativos al disminuir los cargos por picos de demanda de la ENEE y proporciona respaldo de emergencia para los sistemas de control y refrigeraci\u00f3n cr\u00edticos.<\/p>\n\n\n\n<p class=\"has-text-align-left has-black-color has-white-background-color has-text-color has-background has-link-color wp-elements-e146ee033a6698422adbe376cd18a925\">Fase II (2028-2029): A medida que las centrales t\u00e9rmicas empiecen a anunciar fechas firmes de retirada -como la prevista para 2027 de unidades como la de 80 MW de ELCOSA-, ampliar la capacidad del BESS para cubrir el 60-70% de la carga m\u00e1xima, con duraciones que se extiendan a 6-8 horas. Esta fase permite a la instalaci\u00f3n funcionar durante la noche sin apoyo de la red.<\/p>\n\n\n\n<p class=\"has-text-align-left has-black-color has-white-background-color has-text-color has-background has-link-color wp-elements-1c542aee168926d36bc99960e9f9406c\">Fase III (2030+): Ampliaci\u00f3n final hasta alcanzar la plena capacidad de sustituci\u00f3n, con posible integraci\u00f3n con la energ\u00eda fotovoltaica in situ para lograr una capacidad de carga de base renovable 24 horas al d\u00eda, 7 d\u00edas a la semana.<\/p>\n\n\n\n<p class=\"has-text-align-left has-black-color has-white-background-color has-text-color has-background has-link-color wp-elements-5d7b5000eb184a4188f678641114852c\"><strong>3.2 Requisitos t\u00e9cnicos para una expansi\u00f3n sin fisuras<\/strong><\/p>\n\n\n\n<p class=\"has-text-align-left has-black-color has-white-background-color has-text-color has-background has-link-color wp-elements-3dcd3cf17d53184b818996d2d8e0d6d3\">No todas las arquitecturas BESS admiten este enfoque gradual. Los sistemas con inversores centralizados suelen requerir una reingenier\u00eda significativa cuando se a\u00f1ade capacidad. Las arquitecturas distribuidas, en particular las que utilizan bloques modulares acoplados en CC o CA, permiten ampliar la capacidad sin sustituir el hardware existente.<\/p>\n\n\n\n<p class=\"has-text-align-left has-black-color has-white-background-color has-text-color has-background has-link-color wp-elements-46e8475abc4010c7affb6ba0dd2f032d\">Las plataformas en contenedor de MateSolar est\u00e1n dise\u00f1adas con la interconexi\u00f3n en paralelo como caracter\u00edstica principal. Una instalaci\u00f3n que despliegue una sola unidad de 1 MWh en 2026 puede conectar una segunda, tercera o cuarta unidad en paralelo en 2028 sin necesidad de un nuevo controlador maestro ni de una puesta en servicio exhaustiva. El EMS reconoce autom\u00e1ticamente la capacidad adicional y optimiza el despacho de toda la flota.<\/p>\n\n\n\n<p class=\"has-text-align-left has-black-color has-white-background-color has-text-color has-background has-link-color wp-elements-d93e5a8cc7bbb5fdd54f5a38351195f1\"><em>Tabla 2: Modelo de despliegue gradual de BESS para instalaciones industriales hondure\u00f1as<\/em><\/p>\n\n\n\n<figure class=\"wp-block-table\"><table class=\"has-black-color has-white-background-color has-text-color has-background has-link-color\"><tbody><tr><td class=\"has-text-align-left\" data-align=\"left\"><strong>Fase<\/strong><\/td><td class=\"has-text-align-left\" data-align=\"left\"><strong>Cronolog\u00eda<\/strong><\/td><td class=\"has-text-align-left\" data-align=\"left\"><strong>Capacidad Objetivo<\/strong><\/td><td class=\"has-text-align-left\" data-align=\"left\"><strong>Duraci\u00f3n<\/strong><\/td><td class=\"has-text-align-left\" data-align=\"left\"><strong>Funci\u00f3n principal<\/strong><\/td><td class=\"has-text-align-left\" data-align=\"left\"><strong>Independencia de la red<\/strong><\/td><\/tr><tr><td class=\"has-text-align-left\" data-align=\"left\"><strong>I: Cobertura de cargas cr\u00edticas<\/strong><\/td><td class=\"has-text-align-left\" data-align=\"left\">2026\u20132027<\/td><td class=\"has-text-align-left\" data-align=\"left\">20-30% de carga m\u00e1xima<\/td><td class=\"has-text-align-left\" data-align=\"left\">2-4 horas<\/td><td class=\"has-text-align-left\" data-align=\"left\">Reducci\u00f3n del coste de la demanda, reducci\u00f3n de cortes<\/td><td class=\"has-text-align-left\" data-align=\"left\">2-4 horas de reserva<\/td><\/tr><tr><td class=\"has-text-align-left\" data-align=\"left\"><strong>II: Carga parcial<\/strong><\/td><td class=\"has-text-align-left\" data-align=\"left\">2028-2029<\/td><td class=\"has-text-align-left\" data-align=\"left\">60-70% de carga m\u00e1xima<\/td><td class=\"has-text-align-left\" data-align=\"left\">6-8 horas<\/td><td class=\"has-text-align-left\" data-align=\"left\">Operaciones nocturnas, reducci\u00f3n de picos, regulaci\u00f3n de frecuencia<\/td><td class=\"has-text-align-left\" data-align=\"left\">6-8 horas en isla<\/td><\/tr><tr><td class=\"has-text-align-left\" data-align=\"left\"><strong>III: Sustituci\u00f3n completa<\/strong><\/td><td class=\"has-text-align-left\" data-align=\"left\">2030+<\/td><td class=\"has-text-align-left\" data-align=\"left\">100% de carga m\u00e1xima + integraci\u00f3n FV<\/td><td class=\"has-text-align-left\" data-align=\"left\">M\u00e1s de 8 horas (en funci\u00f3n de la fotovoltaica)<\/td><td class=\"has-text-align-left\" data-align=\"left\">Carga base renovable 24\/7, independencia total de la red<\/td><td class=\"has-text-align-left\" data-align=\"left\">Aislamiento total con energ\u00eda fotovoltaica<\/td><\/tr><\/tbody><\/table><\/figure>\n\n\n\n<p class=\"has-text-align-left has-black-color has-white-background-color has-text-color has-background has-link-color wp-elements-d53e45852ab9512841a112d0a3586aba\"><strong>3.3 La ventana de transici\u00f3n 2027-2028<\/strong><\/p>\n\n\n\n<p class=\"has-text-align-left has-black-color has-white-background-color has-text-color has-background has-link-color wp-elements-ecc2f121969aed13b92eb25a684bae4d\">Es importante se\u00f1alar que algunas centrales t\u00e9rmicas se retirar\u00e1n antes de 2029. La central de ELCOSA, por ejemplo, podr\u00eda retirarse en 2027. Los clientes industriales que actualmente tienen contratos con generadores t\u00e9rmicos espec\u00edficos deber\u00edan auditar sus CCE inmediatamente. Si su capacidad contratada est\u00e1 vinculada a una central cuya jubilaci\u00f3n est\u00e1 prevista para 2027, esperar hasta 2028 para adquirir almacenamiento le deja expuesto a la volatilidad del mercado al contado o a racionamientos imprevistos.<\/p>\n\n\n\n<hr class=\"wp-block-separator aligncenter has-text-color has-black-color has-alpha-channel-opacity has-black-background-color has-background\"\/>\n\n\n\n<p class=\"has-text-align-left has-black-color has-white-background-color has-text-color has-background has-link-color has-medium-font-size wp-elements-dca0ff476ee453047c9086a3ea3ac844\"><strong>4. Selecci\u00f3n de tecnolog\u00eda para el entorno operativo hondure\u00f1o<\/strong><\/p>\n\n\n\n<p class=\"has-text-align-left has-black-color has-white-background-color has-text-color has-background has-link-color wp-elements-34dec88899dd80b23c098e2f8cbc77e5\">Honduras presenta una combinaci\u00f3n \u00fanica de desaf\u00edos operativos para el almacenamiento de energ\u00eda: altas temperaturas ambientales, una red de transmisi\u00f3n con niveles de cortocircuito relativamente bajos (caracter\u00edsticas de red d\u00e9bil) y la necesidad de capacidad de arranque en negro en caso de cortes generalizados.<\/p>\n\n\n\n<p class=\"has-text-align-left has-black-color has-white-background-color has-text-color has-background has-link-color wp-elements-53347d422384e7b20e05081687d59374\"><strong>4.1 Gesti\u00f3n t\u00e9rmica: Refrigeraci\u00f3n por aire frente a refrigeraci\u00f3n l\u00edquida<\/strong><\/p>\n\n\n\n<p class=\"has-text-align-left has-black-color has-white-background-color has-text-color has-background has-link-color wp-elements-5c92cafbeef9152cc62893324127ed10\">La elecci\u00f3n entre contenedores refrigerados por aire o por l\u00edquido no es una mera cuesti\u00f3n de eficacia, sino de capacidad sostenida en condiciones tropicales.<\/p>\n\n\n\n<p class=\"has-text-align-left has-black-color has-white-background-color has-text-color has-background has-link-color wp-elements-e616b12b55106b75b8f2da52bc843cb9\">Los sistemas refrigerados por aire, que suelen tener una capacidad nominal de 1MWh a 2MWh en contenedores de 40 pies, se basan en la convecci\u00f3n forzada para eliminar el calor de las celdas de las bater\u00edas. A temperaturas ambiente superiores a 35 \u00b0C, los compresores refrigerados por aire deben trabajar m\u00e1s, consumiendo energ\u00eda auxiliar y reduciendo potencialmente la energ\u00eda neta disponible para la descarga. Para las instalaciones m\u00e1s peque\u00f1as, en las que el espacio ocupado no es la principal limitaci\u00f3n, los sistemas refrigerados por aire siguen siendo rentables y se pueden reparar in situ.<\/p>\n\n\n\n<p class=\"has-text-align-left has-black-color has-white-background-color has-text-color has-background has-link-color wp-elements-720f53afb1d6fdcf01422e04634c19ac\">Los sistemas refrigerados por l\u00edquido, como las plataformas 3MWh-5MWh de 20 pies, hacen circular refrigerante a trav\u00e9s de placas fr\u00edas en contacto directo con las celdas de la bater\u00eda. Esto permite un control mucho m\u00e1s estricto de la temperatura (la variaci\u00f3n entre celdas suele ser inferior a 3 \u00b0C) y una mayor densidad energ\u00e9tica. Para las instalaciones con limitaciones inmobiliarias -como los pol\u00edgonos industriales ampliados, donde el terreno es un bien escaso- la refrigeraci\u00f3n l\u00edquida es la \u00fanica v\u00eda viable para alcanzar una capacidad de varios megavatios dentro de las zonas valladas existentes.<\/p>\n\n\n\n<p class=\"has-text-align-left has-black-color has-white-background-color has-text-color has-background has-link-color wp-elements-3ef5807f5a3a037b397bffc13d4b086d\"><strong>4.2 Capacidades de arranque en negro y apoyo a la red<\/strong><\/p>\n\n\n\n<p class=\"has-text-align-left has-black-color has-white-background-color has-text-color has-background has-link-color wp-elements-672a1691d6a909d4cc4e52a8c6f51870\">Una de las ventajas que se pasan por alto de los BESS industriales en un entorno de red d\u00e9bil es la capacidad de proporcionar apoyo al arranque en negro. En caso de colapso de todo el sistema -un riesgo que aumenta a medida que se elimina la inercia t\u00e9rmica de la red-, un BESS equipado con inversores de formaci\u00f3n de red puede energizar las redes de distribuci\u00f3n locales, permitiendo que las cargas industriales cr\u00edticas se reinicien sin esperar a que se recupere el sistema de transmisi\u00f3n.<\/p>\n\n\n\n<p class=\"has-text-align-left has-black-color has-white-background-color has-text-color has-background has-link-color wp-elements-588955e5d719d8a104cdca1f70d654cb\">El estudio de la UNAH que modeliza la instalaci\u00f3n de BESS de Amarateca confirma que los sistemas de almacenamiento que proporcionan apoyo sostenido durante 3,5 segundos a varios minutos son la diferencia entre el corte de carga y el funcionamiento continuado. Las instalaciones industriales adyacentes a subestaciones clave pueden descubrir que sus inversiones privadas en BESS se alinean con las prioridades de las empresas nacionales de servicios p\u00fablicos, abriendo potencialmente futuras fuentes de ingresos para servicios auxiliares.<\/p>\n\n\n\n<hr class=\"wp-block-separator aligncenter has-text-color has-black-color has-alpha-channel-opacity has-black-background-color has-background\"\/>\n\n\n\n<p class=\"has-text-align-left has-black-color has-white-background-color has-text-color has-background has-link-color has-medium-font-size wp-elements-e117a066545919f627b767953eebc6d6\"><strong>5. Consideraciones financieras y reglamentarias para las inversiones de 2026-2027<\/strong><\/p>\n\n\n\n<p class=\"has-text-align-left has-black-color has-white-background-color has-text-color has-background has-link-color wp-elements-8ec115a6dc2647e20e22da7c5cbcd58f\"><strong>5.1 El coste de la espera<\/strong><\/p>\n\n\n\n<p class=\"has-text-align-left has-black-color has-white-background-color has-text-color has-background has-link-color wp-elements-497fa8b30ec9b6258e9a26c2156d41bd\">Dado que la inflaci\u00f3n afecta a los bienes de equipo en todo el mundo, no se espera que el coste de los equipos de BESS disminuya tanto en 2026-2027 como en a\u00f1os anteriores. Los precios del carbonato de litio se han estabilizado, y la demanda de celdas por parte de los sectores de veh\u00edculos el\u00e9ctricos y almacenamiento estacionario sigue siendo s\u00f3lida.<\/p>\n\n\n\n<p class=\"has-text-align-left has-black-color has-white-background-color has-text-color has-background has-link-color wp-elements-01bd53c866b5514c1b3836e8e51643b6\">Y lo que es m\u00e1s grave, el coste de oportunidad de la energ\u00eda no servida durante un corte de la red est\u00e1 aumentando. Los m\u00e1rgenes de producci\u00f3n industrial en Honduras, sobre todo en el sector textil ensamblado para la exportaci\u00f3n con ajustados calendarios de entrega \"justo a tiempo\", no pueden absorber paradas de producci\u00f3n de varios d\u00edas. El coste de un corte imprevisto de 8 horas puede superar el de un peque\u00f1o m\u00f3dulo BESS.<\/p>\n\n\n\n<p class=\"has-text-align-left has-black-color has-white-background-color has-text-color has-background has-link-color wp-elements-659442c224daa11afed7f48614a31c82\"><strong>5.2 V\u00edas reglamentarias para la autogeneraci\u00f3n<\/strong><\/p>\n\n\n\n<p class=\"has-text-align-left has-black-color has-white-background-color has-text-color has-background has-link-color wp-elements-bca028a9a0c40e7ac67271ce69d2af7e\">La normativa hondure\u00f1a permite la generaci\u00f3n privada para autoconsumo. Sin embargo, las instalaciones que planean exportar el exceso de energ\u00eda a la red deben negociar acuerdos de interconexi\u00f3n con la ENEE. Para los consumidores industriales centrados en la fiabilidad y en evitar costes, el camino recomendado es la configuraci\u00f3n de exportaci\u00f3n cero, que simplifica la interconexi\u00f3n y evita la exposici\u00f3n al ciclo de pagos de la ENEE.<\/p>\n\n\n\n<p class=\"has-text-align-left has-black-color has-white-background-color has-text-color has-background has-link-color wp-elements-44c044bc8857a9b31809c9595912b853\">Las instalaciones que deseen participar en el mercado de servicios auxiliares -en caso de que se desarrolle tras la licitaci\u00f3n de 1,5 GW- deber\u00e1n especificar equipos BESS capaces de telemetr\u00eda y despacho remoto. Las plataformas de contenedores de 20 y 40 pies que ofrece MateSolar incluyen interfaces SCADA avanzadas compatibles con los sistemas de control de los servicios p\u00fablicos.<\/p>\n\n\n\n<hr class=\"wp-block-separator aligncenter has-text-color has-black-color has-alpha-channel-opacity has-black-background-color has-background\"\/>\n\n\n\n<p class=\"has-text-align-left has-black-color has-white-background-color has-text-color has-background has-link-color has-medium-font-size wp-elements-be2d4281e84032f0c42202f960e9cc24\"><strong>6. Hoja de ruta para la aplicaci\u00f3n: De la evaluaci\u00f3n al funcionamiento<\/strong><\/p>\n\n\n\n<p class=\"has-text-align-left has-black-color has-white-background-color has-text-color has-background has-link-color wp-elements-e87d58fdfdbee438f55033754e5edc69\">Para el operador industrial convencido de los argumentos t\u00e9cnicos y econ\u00f3micos, la siguiente pregunta es siempre: \u00bfC\u00f3mo empezar?<\/p>\n\n\n\n<p class=\"has-text-align-left has-black-color has-white-background-color has-text-color has-background has-link-color wp-elements-d605245594b4ab9a3d500e6aa3dc7336\"><strong>Paso 1: An\u00e1lisis del perfil de carga (Meses 1-2)<\/strong><\/p>\n\n\n\n<p class=\"has-text-align-left has-black-color has-white-background-color has-text-color has-background has-link-color wp-elements-fc31d6740e4746ea106499c42e246326\">Instalar contadores de nivel de ingresos en la acometida principal y en los alimentadores descendentes cr\u00edticos. Analizar entre 12 y 24 meses de datos hist\u00f3ricos de carga para identificar los periodos de m\u00e1xima demanda, los requisitos de carga base y la duraci\u00f3n de las perturbaciones t\u00edpicas de la red.<\/p>\n\n\n\n<p class=\"has-text-align-left has-black-color has-white-background-color has-text-color has-background has-link-color wp-elements-45c2d369b600ff33226bc51f9da956fb\"><strong>Paso 2: Dimensionamiento de la tecnolog\u00eda y modelizaci\u00f3n financiera (Mes 3)<\/strong><\/p>\n\n\n\n<p class=\"has-text-align-left has-black-color has-white-background-color has-text-color has-background has-link-color wp-elements-b26b90ca462556807c01ea775a6eb019\">Utilizando datos de carga validados, modelar el tama\u00f1o \u00f3ptimo del BESS. Para la mayor\u00eda de las instalaciones, el tama\u00f1o \u00f3ptimo no es el 100 % de la carga m\u00e1xima, sino m\u00e1s bien el tama\u00f1o que elimina el 20-30 % superior de las cargas de demanda al tiempo que cubre la mayor duraci\u00f3n de interrupci\u00f3n prevista. Para la planificaci\u00f3n de 2026, esto suele resolverse en 2-4 horas de cobertura al 30-50 por ciento de la carga m\u00e1xima.<\/p>\n\n\n\n<p class=\"has-text-align-left has-black-color has-white-background-color has-text-color has-background has-link-color wp-elements-a86f6af533fc79a5a2328acf9d9571da\"><strong>Paso 3: Adquisici\u00f3n e instalaci\u00f3n (Meses 4-8)<\/strong><\/p>\n\n\n\n<p class=\"has-text-align-left has-black-color has-white-background-color has-text-color has-background has-link-color wp-elements-8a6d65945d7013695ac1a94f8c4bbb44\">Las soluciones estandarizadas en contenedores acortan dr\u00e1sticamente los plazos de adquisici\u00f3n. El ESS de contenedor refrigerado por aire de 40 pies (1MWh-2MWh) es ideal para instalaciones que priorizan la velocidad y la simplicidad, ya que solo requiere zapatas de hormig\u00f3n e interconexi\u00f3n el\u00e9ctrica a la aparamenta existente.<\/p>\n\n\n\n<p class=\"has-text-align-left has-black-color has-white-background-color has-text-color has-background has-link-color wp-elements-7637a67394c7324d6c7621b0466aeedb\"><strong>Etapa 4: Puesta en servicio y formaci\u00f3n de los operadores (mes 9)<\/strong><\/p>\n\n\n\n<p class=\"has-text-align-left has-black-color has-white-background-color has-text-color has-background has-link-color wp-elements-32dec3d2455dd68ce393930abde1c0ff\">Las pruebas exhaustivas bajo carga, incluidas las pruebas de transferencia sin interrupciones, garantizan que el sistema funcione seg\u00fan el modelo. La formaci\u00f3n del operador abarca la interfaz EMS, la interpretaci\u00f3n de alarmas y la coordinaci\u00f3n con los grupos electr\u00f3genos di\u00e9sel existentes.<\/p>\n\n\n\n<p class=\"has-text-align-left has-black-color has-white-background-color has-text-color has-background has-link-color wp-elements-55fe297aca190759e2fb5e971a2be928\"><strong>Paso 5: Planificaci\u00f3n de la ampliaci\u00f3n (en curso)<\/strong><\/p>\n\n\n\n<p class=\"has-text-align-left has-black-color has-white-background-color has-text-color has-background has-link-color wp-elements-89e574c636f214b22c2e137a80dee863\">Con el sistema inicial en l\u00ednea y proporcionando ahorros verificados, revisar el plan de expansi\u00f3n por fases. A medida que se acerque 2028 y se confirmen las retiradas t\u00e9rmicas, autorizar las ampliaciones de capacidad de la Fase II.<\/p>\n\n\n\n<hr class=\"wp-block-separator aligncenter has-text-color has-black-color has-alpha-channel-opacity has-black-background-color has-background\"\/>\n\n\n\n<p class=\"has-text-align-left has-black-color has-white-background-color has-text-color has-background has-link-color has-medium-font-size wp-elements-752fe167eede7927bb1bbe144cc005e7\"><strong>Preguntas m\u00e1s frecuentes (FAQ)<\/strong><\/p>\n\n\n\n<p class=\"has-text-align-left has-black-color has-white-background-color has-text-color has-background has-link-color wp-elements-d84b804e9126668cffab69495ba6bda4\"><strong>P1: \u00bfPuede un BESS sustituir realmente a una central de fuel\u00f3leo pesado de 10 MW que funcione 24 horas al d\u00eda, 7 d\u00edas a la semana?<\/strong><\/p>\n\n\n\n<p class=\"has-text-align-left has-black-color has-white-background-color has-text-color has-background has-link-color wp-elements-d3ebe31415db300e1e57de56d9db4924\">R: S\u00ed, pero s\u00f3lo cuando se combina con suficiente generaci\u00f3n renovable o con una duraci\u00f3n dise\u00f1ada para cobertura nocturna. Para una instalaci\u00f3n que requiera 10 MW de forma continua durante la noche, se necesitar\u00eda un BESS de 10 MW\/80 MWh (8 horas de duraci\u00f3n). Sin embargo, la mayor\u00eda de las instalaciones industriales pueden optimizarse desplazando los procesos de alto consumo a las horas de luz diurna, cuando la energ\u00eda fotovoltaica est\u00e1 disponible, reduciendo la duraci\u00f3n del almacenamiento necesario a 4-6 horas.<\/p>\n\n\n\n<p class=\"has-text-align-left has-black-color has-white-background-color has-text-color has-background has-link-color wp-elements-5c1219fd2e1cda2e2cabcf77a768b4de\"><strong>P2: \u00bfQu\u00e9 ocurre si la situaci\u00f3n financiera de ENEE empeora y la red el\u00e9ctrica deja de estar disponible durante d\u00edas?<\/strong><\/p>\n\n\n\n<p class=\"has-text-align-left has-black-color has-white-background-color has-text-color has-background has-link-color wp-elements-97a8e50fdbd7372017baf0d10ccb4c5a\">R: Un BESS bien dise\u00f1ado con integraci\u00f3n fotovoltaica permite un funcionamiento en isla indefinido durante el d\u00eda y un funcionamiento nocturno limitado basado en la energ\u00eda almacenada. El sistema act\u00faa como una microrred en la que la energ\u00eda solar carga las bater\u00edas durante el d\u00eda y \u00e9stas se descargan por la noche. En caso de nubosidad durante varios d\u00edas, los grupos electr\u00f3genos di\u00e9sel originales proporcionan el respaldo final, pero su tiempo de funcionamiento se reduce en m\u00e1s de un 90%.<\/p>\n\n\n\n<p class=\"has-text-align-left has-black-color has-white-background-color has-text-color has-background has-link-color wp-elements-15d206c0257b3d7dd418c535e62a0a7d\"><strong>P3: \u00bfC\u00f3mo me aseguro de que mi inversi\u00f3n en BESS no quede varada si ampl\u00edo mi f\u00e1brica en 2028?<\/strong><\/p>\n\n\n\n<p class=\"has-text-align-left has-black-color has-white-background-color has-text-color has-background has-link-color wp-elements-5d0fcd7f3517d9ada05cd17753f6cd99\">R: Especifique una arquitectura modular desde el principio. Los sistemas en contenedores que pueden conectarse en paralelo sin sustituir los componentes principales le permiten aumentar la capacidad a medida que crece la carga. Las soluciones de contenedor de MateSolar est\u00e1n dise\u00f1adas para la expansi\u00f3n paralela plug-and-play.<\/p>\n\n\n\n<p class=\"has-text-align-left has-black-color has-white-background-color has-text-color has-background has-link-color wp-elements-aa34e26942e9ab21bb538bf99878c561\"><strong>P4: \u00bfEs segura la tecnolog\u00eda de las pilas de litio en entornos industriales de alta temperatura?<\/strong><\/p>\n\n\n\n<p class=\"has-text-align-left has-black-color has-white-background-color has-text-color has-background has-link-color wp-elements-39f1716d3617678ebe205ac60926af07\">R: La qu\u00edmica LFP (fosfato de hierro y litio), utilizada en todos los sistemas industriales MateSolar, es intr\u00ednsecamente m\u00e1s estable t\u00e9rmicamente que las qu\u00edmicas de n\u00edquel, manganeso y cobalto (NMC). Combinada con sistemas de refrigeraci\u00f3n l\u00edquida que mantienen las temperaturas de las celdas dentro de los rangos \u00f3ptimos, el riesgo de incendio es significativamente menor que el de las tecnolog\u00edas de bater\u00edas heredadas.<\/p>\n\n\n\n<p class=\"has-text-align-left has-black-color has-white-background-color has-text-color has-background has-link-color wp-elements-981dd3b248789b110ba2eb32eec5418e\"><strong>P5: \u00bfCu\u00e1l es el plazo realista de amortizaci\u00f3n de un BESS industrial en Honduras?<\/strong><\/p>\n\n\n\n<p class=\"has-text-align-left has-black-color has-white-background-color has-text-color has-background has-link-color wp-elements-a67a04aa0f4255a5bac44f8084a260a9\">R: En el caso de las instalaciones con altos cargos por demanda y exposici\u00f3n a costes de interrupci\u00f3n, los periodos de amortizaci\u00f3n suelen oscilar entre 4 y 7 a\u00f1os, en funci\u00f3n del perfil de carga espec\u00edfico y del coste del gas\u00f3leo desplazado. Si se ampl\u00eda la vida \u00fatil del sistema a 15 a\u00f1os, la tasa interna de rentabilidad (TIR) suele superar el 15%.<\/p>\n\n\n\n<p class=\"has-text-align-left has-black-color has-white-background-color has-text-color has-background has-link-color wp-elements-eb8a62b8d7f95ef4f23798d473c4e75a\"><strong>P6: \u00bfPuedo participar en la licitaci\u00f3n nacional de 1,5 GW con mi instalaci\u00f3n privada?<\/strong><\/p>\n\n\n\n<p class=\"has-text-align-left has-black-color has-white-background-color has-text-color has-background has-link-color wp-elements-6cdb6ecbb6a742ed51fd716f11f8f6db\">R: La licitaci\u00f3n de 1,5 GW es para empresas de generaci\u00f3n, no para autoconsumo detr\u00e1s del contador. Sin embargo, las instalaciones industriales con capacidad excedentaria e interconexi\u00f3n adecuada podr\u00e1n en el futuro vender servicios auxiliares. Las instalaciones actuales deber\u00edan incluir capacidad para esta opcionalidad.<\/p>\n\n\n\n<p class=\"has-text-align-left has-black-color has-white-background-color has-text-color has-background has-link-color wp-elements-fba4fe023af1d16765901338eed03cfd\"><strong>P7: \u00bfC\u00f3mo afecta el proyecto BESS Amarateca a la fiabilidad de mi instalaci\u00f3n?<\/strong><\/p>\n\n\n\n<p class=\"has-text-align-left has-black-color has-white-background-color has-text-color has-background has-link-color wp-elements-218f7c207ae469b34d784939d66b6bbb\">R: El BESS Amarateca de 75 MW\/300 MWh, cuya entrada en servicio est\u00e1 prevista para 2026, mejorar\u00e1 la estabilidad general de la red al proporcionar regulaci\u00f3n de frecuencia. Sin embargo, no garantiza la fiabilidad a nivel de distribuci\u00f3n. Seguir\u00e1n produci\u00e9ndose interrupciones locales, que s\u00f3lo el almacenamiento detr\u00e1s del contador puede solucionar.<\/p>\n\n\n\n<p class=\"has-text-align-left has-black-color has-white-background-color has-text-color has-background has-link-color wp-elements-2dbbe51f803a56556e9f853ef1986cc9\"><strong>P8: \u00bfQu\u00e9 mantenimiento requieren los BESS en contenedor?<\/strong><\/p>\n\n\n\n<p class=\"has-text-align-left has-black-color has-white-background-color has-text-color has-background has-link-color wp-elements-99093d2811723ff52429696613094e74\">R: El mantenimiento principal incluye la limpieza\/sustituci\u00f3n del filtro HVAC, comprobaciones del par de apriete de las conexiones el\u00e9ctricas y actualizaciones del software EMS. Las propias celdas de la bater\u00eda no requieren mantenimiento. Se recomiendan contratos anuales de mantenimiento preventivo.<\/p>\n\n\n\n<p class=\"has-text-align-left has-black-color has-white-background-color has-text-color has-background has-link-color wp-elements-915d28480e21dc1fb523cb163baf62b4\"><strong>P9: \u00bfPuedo utilizar mi actual campo solar fotovoltaico con un nuevo BESS?<\/strong><\/p>\n\n\n\n<p class=\"has-text-align-left has-black-color has-white-background-color has-text-color has-background has-link-color wp-elements-f6806b2f47f124c5d608e11cff1469fb\">R: S\u00ed, mediante configuraciones de acoplamiento de CA o de CC. El acoplamiento de CA es m\u00e1s sencillo para las reconversiones, ya que conecta el BESS al mismo bus de CA que los inversores fotovoltaicos. El acoplamiento de CC ofrece una mayor eficiencia para las nuevas instalaciones, pero requiere hardware compatible.<\/p>\n\n\n\n<p class=\"has-text-align-left has-black-color has-white-background-color has-text-color has-background has-link-color wp-elements-b827e26042c83ca4771fb2acfc680773\"><strong>Q10: \u00bfQu\u00e9 ocurre al final de la vida \u00fatil de 15 a\u00f1os de la bater\u00eda?<\/strong><\/p>\n\n\n\n<p class=\"has-text-align-left has-black-color has-white-background-color has-text-color has-background has-link-color wp-elements-2a5a6a4a2ae54a3319c04ace7c839118\">R: Las bater\u00edas LFP conservan una capacidad significativa (normalmente entre el 70% y el 80%) al final de su vida \u00fatil para aplicaciones de almacenamiento estacionario. Pueden reutilizarse para aplicaciones menos exigentes, o las celdas pueden reciclarse a trav\u00e9s de recicladores certificados que recuperan litio, hierro y fosfato.<\/p>\n\n\n\n<hr class=\"wp-block-separator aligncenter has-text-color has-black-color has-alpha-channel-opacity has-black-background-color has-background\"\/>\n\n\n\n<p class=\"has-text-align-left has-black-color has-white-background-color has-text-color has-background has-link-color has-medium-font-size wp-elements-61ff1f76d24c9ba33deb1dd6b9289a9b\"><strong>Conclusiones: La ventana para la acci\u00f3n estrat\u00e9gica<\/strong><\/p>\n\n\n\n<p class=\"has-text-align-left has-black-color has-white-background-color has-text-color has-background has-link-color wp-elements-4cfe919ecb916f739de469d506800b75\">El calendario de retirada de las centrales t\u00e9rmicas publicado por la CND no es una previsi\u00f3n; es una cuenta atr\u00e1s. En marzo de 2026, las retiradas de 2029-2030 est\u00e1n a menos de 36 meses para el primer tramo importante. Los consumidores industriales que retrasen la adquisici\u00f3n hasta 2028 se encontrar\u00e1n compitiendo por una disponibilidad limitada de contratistas EPC, enfrent\u00e1ndose a posibles cuellos de botella en el suministro de equipos y operando sus instalaciones sin una garant\u00eda de potencia firme durante el \u00ednterin.<\/p>\n\n\n\n<p class=\"has-text-align-left has-black-color has-white-background-color has-text-color has-background has-link-color wp-elements-88a34e6a54f1b0b76e86c10f8aebe19a\">La comunidad t\u00e9cnica de Honduras, incluidos los investigadores de la UNAH y socios internacionales como el NREL, ha validado el papel de los BESS en el mantenimiento de la estabilidad. El marco regulador, a trav\u00e9s de la licitaci\u00f3n de 1,5 GW, est\u00e1 se\u00f1alando un cambio nacional hacia soluciones h\u00edbridas de almacenamiento renovable. La pieza que falta es la adopci\u00f3n industrial del almacenamiento detr\u00e1s del contador que a\u00edsle la capacidad productiva de la volatilidad de la red.<\/p>\n\n\n\n<p class=\"has-text-align-left has-black-color has-white-background-color has-text-color has-background has-link-color wp-elements-31eb079a130fd8dd7026354499762b39\">En MateSolar, nos consideramos no s\u00f3lo proveedores de equipos, sino proveedores integrales de soluciones fotovoltaicas y de almacenamiento de energ\u00eda dedicados a garantizar que la industria hondure\u00f1a no s\u00f3lo sobreviva al precipicio de la jubilaci\u00f3n t\u00e9rmica, sino que emerja m\u00e1s competitiva, con menores costes energ\u00e9ticos y un control absoluto sobre la continuidad de la producci\u00f3n.<\/p>\n\n\n\n<p class=\"has-text-align-left has-black-color has-white-background-color has-text-color has-background has-link-color wp-elements-f1cb276a53a84c8f4ed02562607773d1\">La red de 2030 no se parecer\u00e1 en nada a la de 2020. Ser\u00e1 m\u00e1s ligera, m\u00e1s renovable y m\u00e1s dependiente del almacenamiento. Para los consumidores industriales, la \u00fanica cuesti\u00f3n es si ser\u00e1n pasajeros pasivos en esa transici\u00f3n o pilotos de su propio destino energ\u00e9tico.<\/p>\n\n\n\n<hr class=\"wp-block-separator aligncenter has-text-color has-black-color has-alpha-channel-opacity has-black-background-color has-background\"\/>\n\n\n\n<p class=\"has-text-align-left has-black-color has-white-background-color has-text-color has-background has-link-color wp-elements-643c8e4fc0a99cb5667f107616a9a490\">Afiliaci\u00f3n del autor: Direcci\u00f3n T\u00e9cnica de MateSolar<br>Fecha de publicaci\u00f3n: 11 de marzo de 2026<br>Fuentes de datos: CND-PIEG 2026-2035, divulgaciones p\u00fablicas de la ENEE, Escuela de Ingenier\u00eda El\u00e9ctrica de la UNAH, informes t\u00e9cnicos del NREL.<\/p>\n\n\n\n<p class=\"has-text-align-left has-black-color has-white-background-color has-text-color has-background has-link-color wp-elements-841729db7feb605417769861671575fe\"><em>Para evaluaciones espec\u00edficas de instalaciones y planificaci\u00f3n de ampliaciones por fases, se ofrecen consultas de ingenier\u00eda a trav\u00e9s de la divisi\u00f3n de proyectos industriales de MateSolar.<\/em><\/p>","protected":false},"excerpt":{"rendered":"<p>By MateSolar Technical Directorate | Published: March 11, 2026 Tegucigalpa, San Pedro Sula, Puerto Cort\u00e9s \u2014&nbsp;For industrial operators in Honduras, the mathematical reality of the country\u2019s energy transition has shifted from an academic discussion to a board-level risk management crisis. According to the latest 2026\u20132035 Generation Expansion Indicative Plan (PIEG) released by the national dispatch [&hellip;]<\/p>\n","protected":false},"author":1,"featured_media":3230,"comment_status":"open","ping_status":"open","sticky":false,"template":"","format":"standard","meta":{"_monsterinsights_skip_tracking":false,"_monsterinsights_sitenote_active":false,"_monsterinsights_sitenote_note":"","_monsterinsights_sitenote_category":0,"footnotes":""},"categories":[3],"tags":[],"class_list":["post-3228","post","type-post","status-publish","format-standard","has-post-thumbnail","hentry","category-news"],"_links":{"self":[{"href":"https:\/\/www.mate-solar.com\/es\/wp-json\/wp\/v2\/posts\/3228","targetHints":{"allow":["GET"]}}],"collection":[{"href":"https:\/\/www.mate-solar.com\/es\/wp-json\/wp\/v2\/posts"}],"about":[{"href":"https:\/\/www.mate-solar.com\/es\/wp-json\/wp\/v2\/types\/post"}],"author":[{"embeddable":true,"href":"https:\/\/www.mate-solar.com\/es\/wp-json\/wp\/v2\/users\/1"}],"replies":[{"embeddable":true,"href":"https:\/\/www.mate-solar.com\/es\/wp-json\/wp\/v2\/comments?post=3228"}],"version-history":[{"count":2,"href":"https:\/\/www.mate-solar.com\/es\/wp-json\/wp\/v2\/posts\/3228\/revisions"}],"predecessor-version":[{"id":3236,"href":"https:\/\/www.mate-solar.com\/es\/wp-json\/wp\/v2\/posts\/3228\/revisions\/3236"}],"wp:featuredmedia":[{"embeddable":true,"href":"https:\/\/www.mate-solar.com\/es\/wp-json\/wp\/v2\/media\/3230"}],"wp:attachment":[{"href":"https:\/\/www.mate-solar.com\/es\/wp-json\/wp\/v2\/media?parent=3228"}],"wp:term":[{"taxonomy":"category","embeddable":true,"href":"https:\/\/www.mate-solar.com\/es\/wp-json\/wp\/v2\/categories?post=3228"},{"taxonomy":"post_tag","embeddable":true,"href":"https:\/\/www.mate-solar.com\/es\/wp-json\/wp\/v2\/tags?post=3228"}],"curies":[{"name":"wp","href":"https:\/\/api.w.org\/{rel}","templated":true}]}}